{"id":2519,"date":"2022-11-22T04:24:17","date_gmt":"2022-11-22T04:24:17","guid":{"rendered":"https:\/\/tominejoecolodge.com\/?p=2519"},"modified":"2024-05-03T19:27:38","modified_gmt":"2024-05-03T19:27:38","slug":"neira","status":"publish","type":"post","link":"https:\/\/tominejoecolodge.com\/en\/neira\/","title":{"rendered":"\u00bfCorcho y qu\u00e9 m\u00e1s es Neira?"},"content":{"rendered":"<div data-elementor-type=\"wp-post\" data-elementor-id=\"2519\" class=\"elementor elementor-2519\" data-elementor-post-type=\"post\">\n\t\t\t\t\t\t<section class=\"elementor-section elementor-top-section elementor-element elementor-element-6949d8c9 elementor-section-boxed elementor-section-height-default elementor-section-height-default\" data-id=\"6949d8c9\" data-element_type=\"section\" data-e-type=\"section\">\n\t\t\t\t\t\t<div class=\"elementor-container elementor-column-gap-default\">\n\t\t\t\t\t<div class=\"elementor-column elementor-col-100 elementor-top-column elementor-element elementor-element-1e57b1f7\" data-id=\"1e57b1f7\" data-element_type=\"column\" data-e-type=\"column\">\n\t\t\t<div class=\"elementor-widget-wrap elementor-element-populated\">\n\t\t\t\t\t\t<div class=\"elementor-element elementor-element-3a2ea14e elementor-widget elementor-widget-text-editor\" data-id=\"3a2ea14e\" data-element_type=\"widget\" data-e-type=\"widget\" data-widget_type=\"text-editor.default\">\n\t\t\t\t<div class=\"elementor-widget-container\">\n\t\t\t\t\t\t\t\t\t<p style=\"font-weight: 400;\">El municipio de Neira es tambi\u00e9n llamado La Perla del Roble, la Puerta del Norte o La ciudad del Corcho, fue fundado en 1842 por un grupo de Colonos procedentes de Antioquia.<\/p><p style=\"font-weight: 400;\">Neira se encuentra a 21 km de Manizales, es el municipio m\u00e1s cercano a la capital, y a\u00fan conserva las caracter\u00edsticas de un pueblo tradicional caldense y toda su cultura, sus tradiciones y las virtudes c\u00edvicas propias de nuestra regi\u00f3n. El r\u00edo Guacaica es el l\u00edmite territorial entre estos dos municipios, y una vez cruzas el puente sobre el r\u00edo, comienza el suave y agradable ascenso hacia la cabecera municipal atravesando bonitas fincas de caf\u00e9, pl\u00e1tano y pastos para el ganado, en un paisaje muy armonioso, con excepcional vista, siempre hacia la capital.<\/p><p style=\"font-weight: 400;\">En la cima de este paseo se observan, a ambos lados de la carretera, diversos sitios de comida y ventas del producto insignia del municipio, el \u201cCorcho Neirano\u201d. De esta manera, se ha llegado a Cielito Lindo, punto de referencia importante para los Neiranos por su gastronom\u00eda t\u00edpica y tambi\u00e9n porque que all\u00ed se encuentra el acceso hacia la Vereda Pueblo Rico, considerado hoy el portal tur\u00edstico de Neira, en d\u00f3nde se pueden apreciar casas tradicionales de familias de m\u00e1s de 100 a\u00f1os, engalanadas con hermosos jardines y siempre con la sonrisa y saludo amable de sus habitantes. Fondas, restaurantes, miradores y las mismas casas que los vecinos est\u00e1n dispuestos a ense\u00f1ar a los turistas poseen una majestuosa vista, algunas con direcci\u00f3n al Parque de los Nevados y Manizales, y otras hacia La Cordillera Occidental, en la que se impone, a lo lejos, el Cerro Tatam\u00e1. Adem\u00e1s, desde Pueblo Rico tambi\u00e9n pueden observarse algunos municipios de Caldas, como Chinchin\u00e1, Belalc\u00e1zar, San Jos\u00e9; Quinch\u00eda, perteneciente a Risaralda, y Caramanta, de Antioquia.<\/p><p style=\"font-weight: 400;\"><img fetchpriority=\"high\" decoding=\"async\" class=\"wp-image-2540 alignright\" src=\"http:\/\/tominejoecolodge.com\/wp-content\/uploads\/2022\/11\/Fin-casa-arbol-y-neira-02-1024x1008.jpg\" alt=\"\" width=\"377\" height=\"371\" srcset=\"https:\/\/tominejoecolodge.com\/wp-content\/uploads\/2022\/11\/Fin-casa-arbol-y-neira-02-1024x1008.jpg 1024w, https:\/\/tominejoecolodge.com\/wp-content\/uploads\/2022\/11\/Fin-casa-arbol-y-neira-02-300x295.jpg 300w, https:\/\/tominejoecolodge.com\/wp-content\/uploads\/2022\/11\/Fin-casa-arbol-y-neira-02-768x756.jpg 768w, https:\/\/tominejoecolodge.com\/wp-content\/uploads\/2022\/11\/Fin-casa-arbol-y-neira-02-1536x1511.jpg 1536w, https:\/\/tominejoecolodge.com\/wp-content\/uploads\/2022\/11\/Fin-casa-arbol-y-neira-02-2048x2015.jpg 2048w, https:\/\/tominejoecolodge.com\/wp-content\/uploads\/2022\/11\/Fin-casa-arbol-y-neira-02-12x12.jpg 12w, https:\/\/tominejoecolodge.com\/wp-content\/uploads\/2022\/11\/Fin-casa-arbol-y-neira-02-500x492.jpg 500w, https:\/\/tominejoecolodge.com\/wp-content\/uploads\/2022\/11\/Fin-casa-arbol-y-neira-02-800x787.jpg 800w, https:\/\/tominejoecolodge.com\/wp-content\/uploads\/2022\/11\/Fin-casa-arbol-y-neira-02-1280x1260.jpg 1280w, https:\/\/tominejoecolodge.com\/wp-content\/uploads\/2022\/11\/Fin-casa-arbol-y-neira-02-1920x1889.jpg 1920w\" sizes=\"(max-width: 377px) 100vw, 377px\" \/><\/p><p style=\"font-weight: 400;\">Pasando Cielito Lindo aparecen, sorpresivamente, las casas del pueblo, casi todas con techos de teja de barro en un bonito y conservado conjunto arquitect\u00f3nico, en el que sobresale el Parque con la Iglesia de San Juan Bautista.<\/p><p style=\"font-weight: 400;\">Las construcciones de \u00e9ste pintoresco municipio son t\u00edpicas de estas tierras y de la denominada regi\u00f3n paisa de Colombia. Predominan las casas en bahareque o mixtas, los amplios balcones que, particularmente en las tardes, son la tribuna expectante de la actividad del pueblo, y los elevados e inmensos aleros que permiten a las personas deambular por las calles casi sin mojarse en un d\u00eda de lluvia.<\/p><p style=\"font-weight: 400;\">Pueblos aleda\u00f1os han cambiado y modernizado sus fachadas y casas, mientras que Neira se conserva muy bien; hoy en d\u00eda es fiel a su origen, como si se hubiera detenido en el tiempo.<\/p><p style=\"font-weight: 400;\">Desde su fundaci\u00f3n durante la colonizaci\u00f3n antioque\u00f1a, Neira ha tenido un importante papel en el comercio y actividades culturales del norte de Caldas; parte de este desarrollo fue gracias a los arrieros andariegos que aportaron con sus mulas al comercio de la zona, fueron muchas las que cruzaron monta\u00f1as con enormes cargas, crearon caminos, unieron tierras, transportaron y forjaron con sus lomos por tantos a\u00f1os lo que hoy, con la suma de tantos esfuerzos, somos.<\/p><p style=\"font-weight: 400;\">Neira es muy activo los fines de semana, los campesinos viajan desde veredas y corregimientos para vender el producto de sus cosechas activando el comercio, son buenos d\u00edas para ellos y para todos.<\/p><p style=\"font-weight: 400;\"><strong>Turismo\u00a0<\/strong><\/p><p style=\"font-weight: 400;\">En Neira, las personas se re\u00fanen en la calle real, en el parque de Bol\u00edvar, en sus caf\u00e9s y terrazas. Alrededor de Neira hay muchas fincas que conservan la belleza de La cultura Cafetera; coloridas casas en bahareque, con tejas de barro, corredores con chambranas y jardines con incre\u00edbles flores.<\/p><p style=\"font-weight: 400;\">La Plaza de Mercado es un sitio muy importante para los neiranos, punto de encuentro, sitio de compras y almorzaderos con variados, buenos y econ\u00f3micos men\u00fas para disfrutar. El municipio cuenta con buenas alternativas en compras de caf\u00e9, adem\u00e1s de la Cooperativa de caficultores, ya que el caf\u00e9 es la principal fuente de ingresos de los campesinos del municipio.<\/p><p style=\"font-weight: 400;\">En Neira se puede disfrutar de las mejores tazas de caf\u00e9 de origen de la regi\u00f3n, en sitios como Neira York Coffee, Caf\u00e9 Pintao y El Poncho. Expertos y catadores locales crearon toda una experiencia sensorial alrededor de esta bebida tan especial y emblem\u00e1tica para Colombia y que nos llena de orgullo.<\/p><p>Los LIMITES GEOGR\u00c1FICOS de Neira son:<\/p><ul><li style=\"font-weight: 400;\">AL NORTE: CON FILADELFIA Y AR\u00c1NZAZU<\/li><li style=\"font-weight: 400;\">AL SUR: CON MANIZALES<\/li><li style=\"font-weight: 400;\">AL ORIENTE: CON MARULANDA<\/li><li>AL OCCIDENTE: CON ANSERMA<\/li><\/ul><p>\u201cEsta es la hermosa tierra que nos abri\u00f3 sus puertas y nos permiti\u00f3 dar vida a Tominejo, que nos ha dado la oportunidad de so\u00f1ar y crecer con un prop\u00f3sito: Tominejo \u201cPulm\u00f3n Verde del Norte de Caldas\u201d. Nos sentimos honrados y felices de habitar estas f\u00e9rtiles monta\u00f1as y absolutamente comprometidos con la conservaci\u00f3n de su diversidad y su cultura, haciendo un turismo sostenible y respetuoso de cada forma de vida\u201d<\/p>\t\t\t\t\t\t\t\t<\/div>\n\t\t\t\t<\/div>\n\t\t\t\t\t<\/div>\n\t\t<\/div>\n\t\t\t\t\t<\/div>\n\t\t<\/section>\n\t\t\t\t<\/div>","protected":false},"excerpt":{"rendered":"<p>El municipio de Neira es tambi\u00e9n llamado La Perla del Roble, la Puerta del Norte o La ciudad del Corcho, fue fundado en 1842 por un grupo de Colonos procedentes de Antioquia. Neira se encuentra a 21 km de Manizales, es el municipio m\u00e1s cercano a la capital, y a\u00fan conserva las caracter\u00edsticas de un [&hellip;]<\/p>\n","protected":false},"author":1,"featured_media":2539,"comment_status":"closed","ping_status":"open","sticky":false,"template":"","format":"standard","meta":{"site-sidebar-layout":"no-sidebar","site-content-layout":"default","ast-site-content-layout":"default","site-content-style":"default","site-sidebar-style":"default","ast-global-header-display":"","ast-banner-title-visibility":"","ast-main-header-display":"","ast-hfb-above-header-display":"","ast-hfb-below-header-display":"","ast-hfb-mobile-header-display":"","site-post-title":"","ast-breadcrumbs-content":"","ast-featured-img":"","footer-sml-layout":"","ast-disable-related-posts":"","theme-transparent-header-meta":"default","adv-header-id-meta":"","stick-header-meta":"","header-above-stick-meta":"","header-main-stick-meta":"","header-below-stick-meta":"","astra-migrate-meta-layouts":"default","ast-page-background-enabled":"default","ast-page-background-meta":{"desktop":{"background-color":"var(--ast-global-color-4)","background-image":"","background-repeat":"repeat","background-position":"center center","background-size":"auto","background-attachment":"scroll","background-type":"","background-media":"","overlay-type":"","overlay-color":"","overlay-opacity":"","overlay-gradient":""},"tablet":{"background-color":"","background-image":"","background-repeat":"repeat","background-position":"center center","background-size":"auto","background-attachment":"scroll","background-type":"","background-media":"","overlay-type":"","overlay-color":"","overlay-opacity":"","overlay-gradient":""},"mobile":{"background-color":"","background-image":"","background-repeat":"repeat","background-position":"center center","background-size":"auto","background-attachment":"scroll","background-type":"","background-media":"","overlay-type":"","overlay-color":"","overlay-opacity":"","overlay-gradient":""}},"ast-content-background-meta":{"desktop":{"background-color":"var(--ast-global-color-5)","background-image":"","background-repeat":"repeat","background-position":"center center","background-size":"auto","background-attachment":"scroll","background-type":"","background-media":"","overlay-type":"","overlay-color":"","overlay-opacity":"","overlay-gradient":""},"tablet":{"background-color":"var(--ast-global-color-5)","background-image":"","background-repeat":"repeat","background-position":"center center","background-size":"auto","background-attachment":"scroll","background-type":"","background-media":"","overlay-type":"","overlay-color":"","overlay-opacity":"","overlay-gradient":""},"mobile":{"background-color":"var(--ast-global-color-5)","background-image":"","background-repeat":"repeat","background-position":"center center","background-size":"auto","background-attachment":"scroll","background-type":"","background-media":"","overlay-type":"","overlay-color":"","overlay-opacity":"","overlay-gradient":""}},"_vp_format_video_url":"","_vp_image_focal_point":[],"_joinchat":[],"footnotes":""},"categories":[1],"tags":[],"class_list":["post-2519","post","type-post","status-publish","format-standard","has-post-thumbnail","hentry","category-uncategorized"],"aioseo_notices":[],"_links":{"self":[{"href":"https:\/\/tominejoecolodge.com\/en\/wp-json\/wp\/v2\/posts\/2519","targetHints":{"allow":["GET"]}}],"collection":[{"href":"https:\/\/tominejoecolodge.com\/en\/wp-json\/wp\/v2\/posts"}],"about":[{"href":"https:\/\/tominejoecolodge.com\/en\/wp-json\/wp\/v2\/types\/post"}],"author":[{"embeddable":true,"href":"https:\/\/tominejoecolodge.com\/en\/wp-json\/wp\/v2\/users\/1"}],"replies":[{"embeddable":true,"href":"https:\/\/tominejoecolodge.com\/en\/wp-json\/wp\/v2\/comments?post=2519"}],"version-history":[{"count":29,"href":"https:\/\/tominejoecolodge.com\/en\/wp-json\/wp\/v2\/posts\/2519\/revisions"}],"predecessor-version":[{"id":2561,"href":"https:\/\/tominejoecolodge.com\/en\/wp-json\/wp\/v2\/posts\/2519\/revisions\/2561"}],"wp:featuredmedia":[{"embeddable":true,"href":"https:\/\/tominejoecolodge.com\/en\/wp-json\/wp\/v2\/media\/2539"}],"wp:attachment":[{"href":"https:\/\/tominejoecolodge.com\/en\/wp-json\/wp\/v2\/media?parent=2519"}],"wp:term":[{"taxonomy":"category","embeddable":true,"href":"https:\/\/tominejoecolodge.com\/en\/wp-json\/wp\/v2\/categories?post=2519"},{"taxonomy":"post_tag","embeddable":true,"href":"https:\/\/tominejoecolodge.com\/en\/wp-json\/wp\/v2\/tags?post=2519"}],"curies":[{"name":"wp","href":"https:\/\/api.w.org\/{rel}","templated":true}]}}